{"id":659,"date":"2015-04-06T15:49:37","date_gmt":"2015-04-06T18:49:37","guid":{"rendered":"http:\/\/www.secpf.com.br\/site\/?p=659"},"modified":"2026-04-10T08:39:29","modified_gmt":"2026-04-10T11:39:29","slug":"quase-meia-decada-de-revolucao","status":"publish","type":"post","link":"https:\/\/www.secpf.com.br\/site\/quase-meia-decada-de-revolucao\/","title":{"rendered":"Quase meia d\u00e9cada de Revolu\u00e7\u00e3o S\u00edria"},"content":{"rendered":"<p style=\"text-align: justify;\"><strong><span style=\"font-family: 'times new roman', times; font-size: 14pt;\"><em>J\u00e1 chega de Bashar Al-Assad no poder<\/em><\/span><\/strong><\/p>\n<p style=\"text-align: justify;\"><span style=\"font-family: 'times new roman', times; font-size: 14pt;\">Em 2011, iniciou-se na <a href=\"http:\/\/www.brasilescola.com\/geografia\/siria.htm\" target=\"_blank\">S\u00edria<\/a> uma das maiores e mais tr\u00e1gicas revolu\u00e7\u00f5es dos \u00faltimos anos. Na \u00e9poca, o sonho de liberdade do povo foi inspirado nos protestos da<a href=\"http:\/\/www.brasilescola.com\/geografia\/primavera-Arabe.htm\" target=\"_blank\"> Primavera \u00c1rabe<\/a> na <a href=\"http:\/\/www.brasilescola.com\/geografia\/tunisia.htm\" target=\"_blank\">Tun\u00edsia<\/a> e no <a href=\"http:\/\/www.brasilescola.com\/geografia\/egito-1.htm\" target=\"_blank\">Egito<\/a>. Ao despertar e colocar em movimento milh\u00f5es de pessoas que suportaram por longos anos a mis\u00e9ria e a tirania, a revolu\u00e7\u00e3o se transformou em um enfrentamento contra o sistema e o imperialismo.<\/span><\/p>\n<p style=\"text-align: justify;\"><span style=\"font-family: 'times new roman', times; font-size: 14pt;\">Quatro anos depois, o conflito na S\u00edria continua. A guerra civil no pa\u00eds \u00e9 considerada a pior cat\u00e1strofe humanit\u00e1ria do s\u00e9culo XXI, onde 3 milh\u00f5es de pessoas foram obrigadas a deixar o pa\u00eds e mais de 300 mil s\u00edrios j\u00e1 morreram, n\u00fameros que tendem a crescer cada vez mais.<\/span><\/p>\n<p style=\"text-align: justify;\"><span style=\"font-family: 'times new roman', times; font-size: 14pt;\">Grande parte da S\u00edria encontra-se destru\u00edda e a economia est\u00e1 em crise. O ditador <a href=\"http:\/\/www.tempopresente.org\/index.php?option=com_content&amp;view=article&amp;id=5753:perfil-bashar-al-assad&amp;catid=68&amp;Itemid=183\" target=\"_blank\">Bashar Al-Assad <\/a>age impunemente diante do mundo que fecha os olhos ao massacre que acontece no pa\u00eds.<\/span><\/p>\n<p style=\"text-align: justify;\"><span style=\"font-family: 'times new roman', times; font-size: 14pt;\"><strong>O problema n\u00e3o \u00e9 a religi\u00e3o<\/strong><\/span><\/p>\n<p style=\"text-align: justify;\"><span style=\"font-family: 'times new roman', times; font-size: 14pt;\">Os meios de comunica\u00e7\u00e3o divulgam que a S\u00edria vive em conflito em decorr\u00eancia de religi\u00f5es e etnias distintas, mas n\u00e3o \u00e9 por ai. Nos grandes protestos, juntam-se sunitas, crist\u00e3os e alauitas com um objetivo em comum: lutar pela democracia e melhores condi\u00e7\u00f5es sociais. Ent\u00e3o, deixa-se claro que a revolu\u00e7\u00e3o na S\u00edria n\u00e3o tem liga\u00e7\u00e3o com a religi\u00e3o e, sim, com a luta contra a ditadura.<\/span><\/p>\n<p style=\"text-align: justify;\"><span style=\"font-family: 'times new roman', times; font-size: 14pt;\"><strong>Verdadeiros inimigos<\/strong><\/span><\/p>\n<p style=\"text-align: justify;\"><span style=\"font-family: 'times new roman', times; font-size: 14pt;\">Os grandes inimigos da revolu\u00e7\u00e3o s\u00edria s\u00e3o o regime criminoso de Bashar Al- Assad, apoiado pelo <a href=\"http:\/\/www.brasilescola.com\/geografia\/ira2.htm\" target=\"_blank\">Ir\u00e3<\/a>\u00a0e pela\u00a0<a href=\"http:\/\/www.brasilescola.com\/geografia\/russia.htm\" target=\"_blank\">R\u00fassia<\/a>, e o <a href=\"http:\/\/noticias.terra.com.br\/mundo\/desvende-o-estado-islamico\/\" target=\"_blank\">Estado Isl\u00e2mico<\/a>, com seus m\u00e9todos fascistas vinculados a <a href=\"http:\/\/www.brasilescola.com\/geografia\/arabia-saudita.htm\" target=\"_blank\">Ar\u00e1bia Saudita<\/a>, ao\u00a0<a href=\"http:\/\/www.brasilescola.com\/geografia\/catar.htm\" target=\"_blank\">Qatar<\/a> e a\u00a0<a href=\"http:\/\/www.brasilescola.com\/geografia\/turquia.htm\" target=\"_blank\">Turquia<\/a>. Ambos defendem a ditadura e a explora\u00e7\u00e3o. Al\u00e9m disso, os <a href=\"http:\/\/www.brasilescola.com\/geografia\/estados-unidos.htm\" target=\"_blank\">Estados Unidos<\/a>, com a desculpa de lutar contra o terrorismo, planeja estabelecer outro regime ditatorial.<\/span><\/p>\n<p style=\"text-align: justify;\"><span style=\"font-family: 'times new roman', times; font-size: 14pt;\"><strong>A luta n\u00e3o para<\/strong><\/span><\/p>\n<p style=\"text-align: justify;\"><span style=\"font-family: 'times new roman', times; font-size: 14pt;\">Os rebeldes, organizados em grupos, conquistaram vit\u00f3rias importantes. As mil\u00edcias curdas, apoiadas por tropas do <a href=\"http:\/\/www.infoescola.com\/atualidades\/exercito-livre-da-siria\/\" target=\"_blank\">Ex\u00e9rcito S\u00edrio Livre<\/a>, expulsaram o Estado Isl\u00e2mico de Kobane. Em Aleppo, a ditadura est\u00e1 enfraquecida.<\/span><\/p>\n<p style=\"text-align: justify;\"><span style=\"font-family: 'times new roman', times; font-size: 14pt;\">Todos os que lutam contra qualquer tipo de explora\u00e7\u00e3o precisam se colocar ao lado do povo s\u00edrio e contra Bashar Al-Assad. O Oriente M\u00e9dio necessita\u00a0libertar-se da opress\u00e3o.<\/span><\/p>\n<p style=\"text-align: justify;\"><span style=\"font-family: 'times new roman', times; font-size: 10pt;\">Fonte: <a href=\"http:\/\/www.pstu.org.br\/\" target=\"_blank\">PSTU<\/a><\/span><\/p>\n","protected":false},"excerpt":{"rendered":"<p>J\u00e1 chega de Bashar Al-Assad no poder Em 2011, iniciou-se na S\u00edria uma das maiores e mais tr\u00e1gicas revolu\u00e7\u00f5es dos<\/p>\n","protected":false},"author":2,"featured_media":663,"comment_status":"closed","ping_status":"open","sticky":false,"template":"","format":"standard","meta":{"colormag_page_container_layout":"default_layout","colormag_page_sidebar_layout":"default_layout","footnotes":""},"categories":[5],"tags":[92,93,91],"class_list":["post-659","post","type-post","status-publish","format-standard","has-post-thumbnail","hentry","category-noticias","tag-estado-islamico","tag-revolucao","tag-siria"],"_links":{"self":[{"href":"https:\/\/www.secpf.com.br\/site\/wp-json\/wp\/v2\/posts\/659","targetHints":{"allow":["GET"]}}],"collection":[{"href":"https:\/\/www.secpf.com.br\/site\/wp-json\/wp\/v2\/posts"}],"about":[{"href":"https:\/\/www.secpf.com.br\/site\/wp-json\/wp\/v2\/types\/post"}],"author":[{"embeddable":true,"href":"https:\/\/www.secpf.com.br\/site\/wp-json\/wp\/v2\/users\/2"}],"replies":[{"embeddable":true,"href":"https:\/\/www.secpf.com.br\/site\/wp-json\/wp\/v2\/comments?post=659"}],"version-history":[{"count":11,"href":"https:\/\/www.secpf.com.br\/site\/wp-json\/wp\/v2\/posts\/659\/revisions"}],"predecessor-version":[{"id":673,"href":"https:\/\/www.secpf.com.br\/site\/wp-json\/wp\/v2\/posts\/659\/revisions\/673"}],"wp:featuredmedia":[{"embeddable":true,"href":"https:\/\/www.secpf.com.br\/site\/wp-json\/wp\/v2\/media\/663"}],"wp:attachment":[{"href":"https:\/\/www.secpf.com.br\/site\/wp-json\/wp\/v2\/media?parent=659"}],"wp:term":[{"taxonomy":"category","embeddable":true,"href":"https:\/\/www.secpf.com.br\/site\/wp-json\/wp\/v2\/categories?post=659"},{"taxonomy":"post_tag","embeddable":true,"href":"https:\/\/www.secpf.com.br\/site\/wp-json\/wp\/v2\/tags?post=659"}],"curies":[{"name":"wp","href":"https:\/\/api.w.org\/{rel}","templated":true}]}}