{"id":739,"date":"2015-05-06T14:11:49","date_gmt":"2015-05-06T17:11:49","guid":{"rendered":"http:\/\/www.secpf.com.br\/site\/?p=739"},"modified":"2026-04-10T08:40:02","modified_gmt":"2026-04-10T11:40:02","slug":"passo-fundo-tera-mais-demissoes-do-que-contratacoes-em-2015","status":"publish","type":"post","link":"https:\/\/www.secpf.com.br\/site\/passo-fundo-tera-mais-demissoes-do-que-contratacoes-em-2015\/","title":{"rendered":"Passo Fundo ter\u00e1 mais demiss\u00f5es do que contrata\u00e7\u00f5es em 2015"},"content":{"rendered":"<p style=\"text-align: justify;\"><span style=\"font-family: 'times new roman', times; font-size: 14pt;\"><strong><em>Nos pr\u00f3ximos meses, a cidade poder\u00e1 enfrentar um grande aumento nas taxas de desemprego<\/em><\/strong><\/span><\/p>\n<p style=\"text-align: justify;\"><span style=\"font-family: 'times new roman', times; font-size: 14pt;\">A crise econ\u00f4mica que o Brasil enfrenta atinge diretamente o trabalhador. Em todo o pa\u00eds, a classe trabalhadora est\u00e1 sendo, mais uma vez, v\u00edtima de governantes que s\u00f3 administram para os ricos e esquecem-se dos pobres, criando assim, o caos em diversos setores.<\/span><\/p>\n<p style=\"text-align: justify;\"><span style=\"font-family: 'times new roman', times; font-size: 14pt;\">Como se n\u00e3o bastasse tudo o que j\u00e1 passamos, o <a href=\"http:\/\/www.ibge.gov.br\/home\/\" target=\"_blank\">Instituto Brasileiro de Geografia e Estat\u00edstica<\/a> (IBGE) divulgou um estudo recente onde se revela que o desemprego no pa\u00eds est\u00e1 em 6,2%, maior \u00edndice em quatro anos.<\/span><\/p>\n<p style=\"text-align: justify;\"><span style=\"font-family: 'times new roman', times; font-size: 14pt;\">Em Passo Fundo o cen\u00e1rio tamb\u00e9m preocupa. De acordo com o <a href=\"http:\/\/portal.mte.gov.br\/sine\/\" target=\"_blank\">Sistema Nacional de Emprego<\/a> (SINE), as demiss\u00f5es ainda continuam menores do que as admiss\u00f5es, mas a tend\u00eancia \u00e9 que a situa\u00e7\u00e3o se inverta em tr\u00eas meses.<\/span><\/p>\n<p style=\"text-align: justify;\"><span style=\"font-family: 'times new roman', times; font-size: 14pt;\">Indiferente da situa\u00e7\u00e3o dos governos, seja ela boa ou ruim, os patr\u00f5es sempre pagam baixos sal\u00e1rios e jogam o problema da crise nas costas dos trabalhadores. A \u00fanica maneira de mudar este cen\u00e1rio \u00e9 a classe trabalhadora se conscientizando da import\u00e2ncia de lutar por melhoria. Os trabalhadores s\u00e3o a grande maioria da sociedade e organizados podem alcan\u00e7ar grandes conquistas.<\/span><\/p>\n<p style=\"text-align: justify;\"><span style=\"font-family: 'times new roman', times; font-size: 14pt;\">A\u00a0data-base dos comerci\u00e1rios \u00e9 em abril. Vamos \u00e0 luta por um aumento real de sal\u00e1rio e melhores condi\u00e7\u00f5es de trabalho.\u00a0<\/span><\/p>\n<p style=\"text-align: justify;\"><span style=\"font-family: 'times new roman', times; font-size: 14pt;\">Junte-se a n\u00f3s, comerci\u00e1rio. Unidos somos mais fortes!<\/span><\/p>\n<p style=\"text-align: justify;\"><span style=\"font-family: 'times new roman', times; font-size: 10pt;\">Fonte: <a href=\"http:\/\/www.rduirapuru.com.br\/\" target=\"_blank\">R\u00e1dio Uirapuru<\/a><\/span><\/p>\n","protected":false},"excerpt":{"rendered":"<p>Nos pr\u00f3ximos meses, a cidade poder\u00e1 enfrentar um grande aumento nas taxas de desemprego A crise econ\u00f4mica que o Brasil<\/p>\n","protected":false},"author":2,"featured_media":740,"comment_status":"closed","ping_status":"open","sticky":false,"template":"","format":"standard","meta":{"colormag_page_container_layout":"default_layout","colormag_page_sidebar_layout":"default_layout","footnotes":""},"categories":[5],"tags":[114,113,71],"class_list":["post-739","post","type-post","status-publish","format-standard","has-post-thumbnail","hentry","category-noticias","tag-comerciarios","tag-desemprego","tag-passo-fundo"],"_links":{"self":[{"href":"https:\/\/www.secpf.com.br\/site\/wp-json\/wp\/v2\/posts\/739","targetHints":{"allow":["GET"]}}],"collection":[{"href":"https:\/\/www.secpf.com.br\/site\/wp-json\/wp\/v2\/posts"}],"about":[{"href":"https:\/\/www.secpf.com.br\/site\/wp-json\/wp\/v2\/types\/post"}],"author":[{"embeddable":true,"href":"https:\/\/www.secpf.com.br\/site\/wp-json\/wp\/v2\/users\/2"}],"replies":[{"embeddable":true,"href":"https:\/\/www.secpf.com.br\/site\/wp-json\/wp\/v2\/comments?post=739"}],"version-history":[{"count":1,"href":"https:\/\/www.secpf.com.br\/site\/wp-json\/wp\/v2\/posts\/739\/revisions"}],"predecessor-version":[{"id":741,"href":"https:\/\/www.secpf.com.br\/site\/wp-json\/wp\/v2\/posts\/739\/revisions\/741"}],"wp:featuredmedia":[{"embeddable":true,"href":"https:\/\/www.secpf.com.br\/site\/wp-json\/wp\/v2\/media\/740"}],"wp:attachment":[{"href":"https:\/\/www.secpf.com.br\/site\/wp-json\/wp\/v2\/media?parent=739"}],"wp:term":[{"taxonomy":"category","embeddable":true,"href":"https:\/\/www.secpf.com.br\/site\/wp-json\/wp\/v2\/categories?post=739"},{"taxonomy":"post_tag","embeddable":true,"href":"https:\/\/www.secpf.com.br\/site\/wp-json\/wp\/v2\/tags?post=739"}],"curies":[{"name":"wp","href":"https:\/\/api.w.org\/{rel}","templated":true}]}}