{"id":748,"date":"2015-05-11T14:01:19","date_gmt":"2015-05-11T17:01:19","guid":{"rendered":"http:\/\/www.secpf.com.br\/site\/?p=748"},"modified":"2026-04-10T08:40:01","modified_gmt":"2026-04-10T11:40:01","slug":"csp-conlutas-convoca-trabalhadores-para-uma-paralisacao-nacional-no-dia-29-de-maio","status":"publish","type":"post","link":"https:\/\/www.secpf.com.br\/site\/csp-conlutas-convoca-trabalhadores-para-uma-paralisacao-nacional-no-dia-29-de-maio\/","title":{"rendered":"CSP-Conlutas convoca trabalhadores para uma Paralisa\u00e7\u00e3o Nacional no dia 29 de maio"},"content":{"rendered":"<p style=\"text-align: justify;\"><strong><span style=\"font-family: 'times new roman', times; font-size: 14pt;\"><em>Manifesta\u00e7\u00f5es s\u00e3o esperadas em diversos locais pelo Brasil<\/em><\/span><\/strong><\/p>\n<p style=\"text-align: justify;\"><span style=\"font-family: 'times new roman', times; font-size: 14pt;\">J\u00e1 \u00e9 de conhecimento geral que n\u00e3o aceitamos os recentes ataques que o trabalhador brasileiro vem sofrendo do governo. Pensando em mobilizar um grande n\u00famero de trabalhadores para que os mesmos percebam o tamanho real do problema que enfrentamos, mais uma vez, a <a href=\"https:\/\/www.facebook.com\/CSPConlutasPassoFundo?fref=ts\" target=\"_blank\">CSP-Conlutas<\/a> se une a outras centrais sindicais para uma Paralisa\u00e7\u00e3o Nacional. O dia estipulado para os protestos \u00e9 29 de maio, onde bandeiras de luta contra as medidas provis\u00f3rias 664 e 665 e a terceiriza\u00e7\u00e3o ser\u00e3o levantadas. Est\u00e3o previstas mobiliza\u00e7\u00f5es em v\u00e1rios setores e em diversas cidades pelo pa\u00eds.<\/span><\/p>\n<p style=\"text-align: justify;\"><span style=\"font-family: 'times new roman', times; font-size: 14pt;\">Trabalhador, una-se a CSP-Conlutas e venha para a rua lutar por seus direitos!<\/span><\/p>\n<p style=\"text-align: justify;\"><span style=\"font-family: 'times new roman', times; font-size: 10pt;\">Fonte: <a href=\"http:\/\/cspconlutas.org.br\/\" target=\"_blank\">CSP-Conlutas<\/a><\/span><\/p>\n","protected":false},"excerpt":{"rendered":"<p>Manifesta\u00e7\u00f5es s\u00e3o esperadas em diversos locais pelo Brasil J\u00e1 \u00e9 de conhecimento geral que n\u00e3o aceitamos os recentes ataques que<\/p>\n","protected":false},"author":2,"featured_media":749,"comment_status":"closed","ping_status":"open","sticky":false,"template":"","format":"standard","meta":{"colormag_page_container_layout":"default_layout","colormag_page_sidebar_layout":"default_layout","footnotes":""},"categories":[5],"tags":[120,118,119],"class_list":["post-748","post","type-post","status-publish","format-standard","has-post-thumbnail","hentry","category-noticias","tag-centrais-sindicais","tag-cps-conlutas","tag-paralisacao-nacional"],"_links":{"self":[{"href":"https:\/\/www.secpf.com.br\/site\/wp-json\/wp\/v2\/posts\/748","targetHints":{"allow":["GET"]}}],"collection":[{"href":"https:\/\/www.secpf.com.br\/site\/wp-json\/wp\/v2\/posts"}],"about":[{"href":"https:\/\/www.secpf.com.br\/site\/wp-json\/wp\/v2\/types\/post"}],"author":[{"embeddable":true,"href":"https:\/\/www.secpf.com.br\/site\/wp-json\/wp\/v2\/users\/2"}],"replies":[{"embeddable":true,"href":"https:\/\/www.secpf.com.br\/site\/wp-json\/wp\/v2\/comments?post=748"}],"version-history":[{"count":3,"href":"https:\/\/www.secpf.com.br\/site\/wp-json\/wp\/v2\/posts\/748\/revisions"}],"predecessor-version":[{"id":751,"href":"https:\/\/www.secpf.com.br\/site\/wp-json\/wp\/v2\/posts\/748\/revisions\/751"}],"wp:featuredmedia":[{"embeddable":true,"href":"https:\/\/www.secpf.com.br\/site\/wp-json\/wp\/v2\/media\/749"}],"wp:attachment":[{"href":"https:\/\/www.secpf.com.br\/site\/wp-json\/wp\/v2\/media?parent=748"}],"wp:term":[{"taxonomy":"category","embeddable":true,"href":"https:\/\/www.secpf.com.br\/site\/wp-json\/wp\/v2\/categories?post=748"},{"taxonomy":"post_tag","embeddable":true,"href":"https:\/\/www.secpf.com.br\/site\/wp-json\/wp\/v2\/tags?post=748"}],"curies":[{"name":"wp","href":"https:\/\/api.w.org\/{rel}","templated":true}]}}