{"id":753,"date":"2015-05-13T15:13:15","date_gmt":"2015-05-13T18:13:15","guid":{"rendered":"http:\/\/www.secpf.com.br\/site\/?p=753"},"modified":"2026-04-10T08:40:01","modified_gmt":"2026-04-10T11:40:01","slug":"camara-aprova-medida-provisoria-665","status":"publish","type":"post","link":"https:\/\/www.secpf.com.br\/site\/camara-aprova-medida-provisoria-665\/","title":{"rendered":"C\u00e2mara aprova Medida Provis\u00f3ria 665"},"content":{"rendered":"<p style=\"text-align: justify;\"><strong><span style=\"font-family: 'times new roman', times; font-size: 14pt;\"><em>Agora a vota\u00e7\u00e3o segue para o Senado<\/em><\/span><\/strong><\/p>\n<p style=\"text-align: justify;\"><span style=\"font-family: 'times new roman', times; font-size: 14pt;\">Em mais uma agress\u00e3o voltada \u00e0 classe trabalhadora, a <a href=\"http:\/\/www2.camara.leg.br\/\" target=\"_blank\">C\u00e2mara<\/a> aprovou na \u00faltima quarta-feira (6) o texto da Medida Provis\u00f3ria (MP) 665. Com 252 votos favor\u00e1veis e 227 contr\u00e1rios, a vota\u00e7\u00e3o da lei que restringe o acesso do trabalhador ao seguro-desemprego, abono salarial (PIS) e seguro-defeso do pescador profissional agora fica por conta do <a href=\"http:\/\/www.senado.gov.br\/\" target=\"_blank\">Senado<\/a>. \u00a0<\/span><\/p>\n<p style=\"text-align: justify;\"><span style=\"font-family: 'times new roman', times; font-size: 14pt;\">A medida ser\u00e1 novamente discutida at\u00e9 1\u00ba de junho, prazo em que ela perde a validade.<\/span><\/p>\n<p style=\"text-align: justify;\"><span style=\"font-family: 'times new roman', times; font-size: 14pt;\"><strong>Trabalhadores e aposentados se unem para derrubar MP 665<\/strong><\/span><\/p>\n<p style=\"text-align: justify;\"><span style=\"font-family: 'times new roman', times; font-size: 14pt;\"><a href=\"http:\/\/www.fsindical.org.br\/forca\/trabalhadores-e-aposentados-protestam-no-congresso-contra-as-medidas-provisorias\" target=\"_blank\">Diversos aposentados, pensionistas, trabalhadores e sindicalistas realizaram um protesto<\/a> ontem (12) no <a href=\"http:\/\/www.congressonacional.leg.br\/portal\/\" target=\"_blank\">Congresso Nacional<\/a>. Os manifestantes percorreram os corredores com cadeiras de rodas para mostrar sua indigna\u00e7\u00e3o com as atitudes do governo Dilma.<\/span><\/p>\n<p style=\"text-align: justify;\"><span style=\"font-family: 'times new roman', times; font-size: 14pt;\"><strong>Vota\u00e7\u00e3o da MP 664<\/strong><\/span><\/p>\n<p style=\"text-align: justify;\"><span style=\"font-family: 'times new roman', times; font-size: 14pt;\">Hoje (13) a pauta \u00e9 a Medida Provis\u00f3ria 664, que dificulta o acesso \u00e0 direitos como pens\u00e3o por morte e aux\u00edlio-doen\u00e7a.<\/span><\/p>\n<p style=\"text-align: justify;\"><strong><span style=\"font-family: 'times new roman', times; font-size: 14pt;\">E agora?<\/span><\/strong><\/p>\n<p style=\"text-align: justify;\"><span style=\"font-family: 'times new roman', times; font-size: 14pt;\">Para fortalecer as lutas contra as Mp\u2019s 664 e 665 e contra a terceiriza\u00e7\u00e3o, diversas centrais sindicais, inclusive a <a href=\"http:\/\/cspconlutas.org.br\/\" target=\"_blank\">CSP-Conlutas<\/a>, convocam para uma grande Paralisa\u00e7\u00e3o Nacional que ocorrer\u00e1 no dia 29 de maio.<\/span><\/p>\n<p style=\"text-align: justify;\"><span style=\"font-family: 'times new roman', times; font-size: 14pt;\">Trabalhador, venha para a rua e lute por seus direitos. Juntos podemos derrotar os planos do governo. N\u00e3o \u00e9 justo\u00a0que paguemos, mais uma vez, pela crise! \u00a0<\/span><\/p>\n<p style=\"text-align: justify;\"><span style=\"font-family: 'times new roman', times; font-size: 10pt;\">Fonte: <a href=\"http:\/\/www.sindmetalsjc.org.br\/\" target=\"_blank\">Sindicato dos Metal\u00fargicos de S\u00e3o Jos\u00e9 dos Campos e Regi\u00e3o<\/a><\/span><\/p>\n","protected":false},"excerpt":{"rendered":"<p>Agora a vota\u00e7\u00e3o segue para o Senado Em mais uma agress\u00e3o voltada \u00e0 classe trabalhadora, a C\u00e2mara aprovou na \u00faltima<\/p>\n","protected":false},"author":2,"featured_media":755,"comment_status":"closed","ping_status":"open","sticky":false,"template":"","format":"standard","meta":{"colormag_page_container_layout":"default_layout","colormag_page_sidebar_layout":"default_layout","footnotes":""},"categories":[5],"tags":[121,122,123],"class_list":["post-753","post","type-post","status-publish","format-standard","has-post-thumbnail","hentry","category-noticias","tag-mp-664","tag-mp-665","tag-senado"],"_links":{"self":[{"href":"https:\/\/www.secpf.com.br\/site\/wp-json\/wp\/v2\/posts\/753","targetHints":{"allow":["GET"]}}],"collection":[{"href":"https:\/\/www.secpf.com.br\/site\/wp-json\/wp\/v2\/posts"}],"about":[{"href":"https:\/\/www.secpf.com.br\/site\/wp-json\/wp\/v2\/types\/post"}],"author":[{"embeddable":true,"href":"https:\/\/www.secpf.com.br\/site\/wp-json\/wp\/v2\/users\/2"}],"replies":[{"embeddable":true,"href":"https:\/\/www.secpf.com.br\/site\/wp-json\/wp\/v2\/comments?post=753"}],"version-history":[{"count":2,"href":"https:\/\/www.secpf.com.br\/site\/wp-json\/wp\/v2\/posts\/753\/revisions"}],"predecessor-version":[{"id":756,"href":"https:\/\/www.secpf.com.br\/site\/wp-json\/wp\/v2\/posts\/753\/revisions\/756"}],"wp:featuredmedia":[{"embeddable":true,"href":"https:\/\/www.secpf.com.br\/site\/wp-json\/wp\/v2\/media\/755"}],"wp:attachment":[{"href":"https:\/\/www.secpf.com.br\/site\/wp-json\/wp\/v2\/media?parent=753"}],"wp:term":[{"taxonomy":"category","embeddable":true,"href":"https:\/\/www.secpf.com.br\/site\/wp-json\/wp\/v2\/categories?post=753"},{"taxonomy":"post_tag","embeddable":true,"href":"https:\/\/www.secpf.com.br\/site\/wp-json\/wp\/v2\/tags?post=753"}],"curies":[{"name":"wp","href":"https:\/\/api.w.org\/{rel}","templated":true}]}}