{"id":828,"date":"2015-06-24T14:38:59","date_gmt":"2015-06-24T17:38:59","guid":{"rendered":"http:\/\/www.secpf.com.br\/site\/?p=828"},"modified":"2026-04-10T08:40:52","modified_gmt":"2026-04-10T11:40:52","slug":"fique-por-dentro-da-formula-8595","status":"publish","type":"post","link":"https:\/\/www.secpf.com.br\/site\/fique-por-dentro-da-formula-8595\/","title":{"rendered":"Fique por dentro da F\u00f3rmula 85\/95"},"content":{"rendered":"<p style=\"text-align: justify;\"><strong><span style=\"font-family: 'times new roman', times; font-size: 14pt;\"><em>Dilma Rousseff vetou a mudan\u00e7a do Fator Previdenci\u00e1rio na \u00faltima quarta-feira (17). Por\u00e9m, a medida provis\u00f3ria foi editada<\/em><\/span><\/strong><\/p>\n<p style=\"text-align: justify;\"><span style=\"font-family: 'times new roman', times; font-size: 14pt;\">Se voc\u00ea, assim como a maioria dos trabalhadores, est\u00e1 se sentindo perdido em rela\u00e7\u00e3o ao que vai acontecer quando for se aposentar, fique tranquilo que <a href=\"http:\/\/www.pstu.org.br\/node\/21522\" target=\"_blank\">aqui voc\u00ea encontra uma explica\u00e7\u00e3o<\/a> esclarecedora sobre o Fator 85\/95. \u00c9 importante saber o que de fato est\u00e1 desencadeando todas essas mudan\u00e7as.<\/span><\/p>\n<p style=\"text-align: justify;\"><span style=\"font-family: 'times new roman', times; font-size: 14pt;\">Por esse e por outros motivos \u00e9 que n\u00e3o podemos nos calar para as atrocidades do\u00a0Governo. Precisamos nos impor e ir contra todas essas injusti\u00e7as. N\u00e3o podemos aceitar que nos fa\u00e7am pagar as contas da crise!<\/span><\/p>\n<p style=\"text-align: justify;\"><span style=\"font-family: 'times new roman', times; font-size: 10pt;\">Fonte: <a href=\"http:\/\/www.pstu.org.br\/\" target=\"_blank\">PSTU<\/a><\/span><\/p>\n","protected":false},"excerpt":{"rendered":"<p>Dilma Rousseff vetou a mudan\u00e7a do Fator Previdenci\u00e1rio na \u00faltima quarta-feira (17). Por\u00e9m, a medida provis\u00f3ria foi editada Se voc\u00ea,<\/p>\n","protected":false},"author":2,"featured_media":829,"comment_status":"closed","ping_status":"open","sticky":false,"template":"","format":"standard","meta":{"colormag_page_container_layout":"default_layout","colormag_page_sidebar_layout":"default_layout","footnotes":""},"categories":[5],"tags":[148,147,149],"class_list":["post-828","post","type-post","status-publish","format-standard","has-post-thumbnail","hentry","category-noticias","tag-crise","tag-fator-8595","tag-ze-maria"],"_links":{"self":[{"href":"https:\/\/www.secpf.com.br\/site\/wp-json\/wp\/v2\/posts\/828","targetHints":{"allow":["GET"]}}],"collection":[{"href":"https:\/\/www.secpf.com.br\/site\/wp-json\/wp\/v2\/posts"}],"about":[{"href":"https:\/\/www.secpf.com.br\/site\/wp-json\/wp\/v2\/types\/post"}],"author":[{"embeddable":true,"href":"https:\/\/www.secpf.com.br\/site\/wp-json\/wp\/v2\/users\/2"}],"replies":[{"embeddable":true,"href":"https:\/\/www.secpf.com.br\/site\/wp-json\/wp\/v2\/comments?post=828"}],"version-history":[{"count":3,"href":"https:\/\/www.secpf.com.br\/site\/wp-json\/wp\/v2\/posts\/828\/revisions"}],"predecessor-version":[{"id":832,"href":"https:\/\/www.secpf.com.br\/site\/wp-json\/wp\/v2\/posts\/828\/revisions\/832"}],"wp:featuredmedia":[{"embeddable":true,"href":"https:\/\/www.secpf.com.br\/site\/wp-json\/wp\/v2\/media\/829"}],"wp:attachment":[{"href":"https:\/\/www.secpf.com.br\/site\/wp-json\/wp\/v2\/media?parent=828"}],"wp:term":[{"taxonomy":"category","embeddable":true,"href":"https:\/\/www.secpf.com.br\/site\/wp-json\/wp\/v2\/categories?post=828"},{"taxonomy":"post_tag","embeddable":true,"href":"https:\/\/www.secpf.com.br\/site\/wp-json\/wp\/v2\/tags?post=828"}],"curies":[{"name":"wp","href":"https:\/\/api.w.org\/{rel}","templated":true}]}}