{"id":911,"date":"2015-08-27T15:09:49","date_gmt":"2015-08-27T18:09:49","guid":{"rendered":"http:\/\/www.secpf.com.br\/site\/?p=911"},"modified":"2026-04-10T08:40:51","modified_gmt":"2026-04-10T11:40:51","slug":"nem-oposicao-de-direita-e-nem-governo-do-pt-trabalhadores-vao-as-ruas-dia-18-de-setembro-em-sao-paulo","status":"publish","type":"post","link":"https:\/\/www.secpf.com.br\/site\/nem-oposicao-de-direita-e-nem-governo-do-pt-trabalhadores-vao-as-ruas-dia-18-de-setembro-em-sao-paulo\/","title":{"rendered":"Nem oposi\u00e7\u00e3o de direita e nem governo do PT, trabalhadores v\u00e3o \u00e0s ruas dia 18 de setembro em S\u00e3o Paulo"},"content":{"rendered":"<p><a href=\"http:\/\/cspconlutas.org.br\/2015\/08\/resolucao-politica-aprovada-na-reuniao-da-coordenacao-nacional-da-csp-conlutas\/\" target=\"_blank\">Leia a resolu\u00e7\u00e3o<\/a> da Coordena\u00e7\u00e3o Nacional da CSP-Conlutas<\/p>\n<p>Nem dia 16 nem dia 20, trabalhadores v\u00e3o as ruas dia 18 de setembro. Contra o governo Dilma, contra o ajuste fiscal e contra oposi\u00e7\u00e3o de direita que se alia ao governo para atacar nossos direitos. O domingo de manh\u00e3 (23) da reuni\u00e3o da Coordena\u00e7\u00e3o Nacional da CSP-Conlutas foi dedicado a apresenta\u00e7\u00f5es e vota\u00e7\u00e3o dos relat\u00f3rios dos grupos setoriais, resolu\u00e7\u00f5es e mo\u00e7\u00f5es na reuni\u00e3o da Coordena\u00e7\u00e3o Nacional da CSP-Conlutas que aconteceu de 21 a 23 de agosto.<\/p>\n<p>A principal resolu\u00e7\u00e3o pol\u00edtica aprovada na reuni\u00e3o da Coordena\u00e7\u00e3o da CSP-Conlutas \u00e9 seu posicionamento diante da crise nacional, os ataques do governo Dilma em acordo com a direita aos trabalhadores. Como entende-se que n\u00e3o h\u00e1 diferen\u00e7a entre o governo do PT e a oposi\u00e7\u00e3o de direita nos ataques que vem sendo impetrados aos trabalhadores recentemente, entre eles, o ajuste fiscal, o PPE (Plano de Prote\u00e7\u00e3o ao Emprego), o projeto das terceiriza\u00e7\u00f5es e as medidas provis\u00f3rias 664 e 664 que reduziram direitos como seguro desemprego e abono salarial anual, o PIS.<\/p>\n<p>Portanto, no meio dessa crise nacional nem o governo do PT nem a oposi\u00e7\u00e3o de direita s\u00e3o alternativas para os trabalhadores. \u00c9 necess\u00e1rio apresentar um terceiro campo que seja das lutas dos trabalhadores em defesa de seus direitos. Assim, foi aprovada uma grande manifesta\u00e7\u00e3o no dia 18 de setembro, porque n\u00e3o defendemos nem o dia 16 de manifesta\u00e7\u00f5es da oposi\u00e7\u00e3o de direita e nem o dia 20, manifesta\u00e7\u00e3o governista.<\/p>\n<p>Em seguida, dia 19 haver\u00e1 uma plen\u00e1ria nacional para discutir a continuidade da mobiliza\u00e7\u00e3o. Como principais consignas nessa Marcha dos Trabalhadores e Trabalhadoras ser\u00e3o levantadas:<br \/>\n<strong>\u2013 Contra Dilma-PT, Cunha e Temer-PMDB, A\u00e9cio\/PSDB;<\/strong><br \/>\n<strong>\u2013 Derrotar o ajuste fiscal; Que os ricos paguem pela crise;<\/strong><br \/>\n<strong>\u2013 Por uma alternativa classista dos trabalhadores, da juventude e do povo pobre!<\/strong><\/p>\n<p><a href=\"http:\/\/cspconlutas.org.br\/2015\/08\/resolucao-politica-aprovada-na-reuniao-da-coordenacao-nacional-da-csp-conlutas\/\" target=\"_blank\">Leia AQUI a resolu\u00e7\u00e3o pol\u00edtica aprovada pela Coordena\u00e7\u00e3o Nacional da CSP-Conlutas<\/a>.<\/p>\n<p><em><span style=\"font-family: georgia, palatino, serif;\">Outras resolu\u00e7\u00f5es foram aprovadas na reuni\u00e3o da Coordena\u00e7\u00e3o e ser\u00e3o divulgadas em breve. Assim como foram apresentados e aprovados os relat\u00f3rios setoriais do Campo LGBT, Servi\u00e7o P\u00fablico, Internacional, Correios, Educa\u00e7\u00e3o, Mulheres, Negros e Negras e Sa\u00fade do Trabalhador.\u00a0No segundo dia foram discutidas as decis\u00f5es do 2\u00ba Congresso Nacional da CSP-Conlutas, eleitos a nova Secretaria Executiva Nacional e Conselho Fiscal. Ao final da tarde foram realidos os grupos setoriais. <a href=\"http:\/\/cspconlutas.org.br\/2015\/08\/no-sabado-de-manha-22-decisoes-do-congresso-da-csp-conlutas-sao-encaminhadas-pela-coordenacao-nacional-e-conselho-fiscal-apresenta-contas\/\" target=\"_blank\">Acesse AQUI a cobertura!<\/a><\/span><\/em><\/p>\n<p><em><span style=\"font-family: georgia, palatino, serif;\">No primeiro dia da reuni\u00e3o foram discutidas a conjuntura e a d\u00edvida externa com Maria L\u00facia Fatorelli, da Auditoria Cidad\u00e3. <a href=\"http:\/\/cspconlutas.org.br\/2015\/08\/primeiro-dia-de-reuniao-da-coordenacao-nacional-da-csp-conlutas-discute-conjuntura-e-divida-externa\/\" target=\"_blank\">Acesse AQUI a cobertura!<\/a><\/span><\/em><\/p>\n","protected":false},"excerpt":{"rendered":"<p>Leia a resolu\u00e7\u00e3o da Coordena\u00e7\u00e3o Nacional da CSP-Conlutas Nem dia 16 nem dia 20, trabalhadores v\u00e3o as ruas dia 18<\/p>\n","protected":false},"author":1,"featured_media":912,"comment_status":"closed","ping_status":"open","sticky":false,"template":"","format":"standard","meta":{"colormag_page_container_layout":"default_layout","colormag_page_sidebar_layout":"default_layout","footnotes":""},"categories":[5],"tags":[67,133,70],"class_list":["post-911","post","type-post","status-publish","format-standard","has-post-thumbnail","hentry","category-noticias","tag-conlutas","tag-governo-dilma","tag-manifestacao"],"_links":{"self":[{"href":"https:\/\/www.secpf.com.br\/site\/wp-json\/wp\/v2\/posts\/911","targetHints":{"allow":["GET"]}}],"collection":[{"href":"https:\/\/www.secpf.com.br\/site\/wp-json\/wp\/v2\/posts"}],"about":[{"href":"https:\/\/www.secpf.com.br\/site\/wp-json\/wp\/v2\/types\/post"}],"author":[{"embeddable":true,"href":"https:\/\/www.secpf.com.br\/site\/wp-json\/wp\/v2\/users\/1"}],"replies":[{"embeddable":true,"href":"https:\/\/www.secpf.com.br\/site\/wp-json\/wp\/v2\/comments?post=911"}],"version-history":[{"count":1,"href":"https:\/\/www.secpf.com.br\/site\/wp-json\/wp\/v2\/posts\/911\/revisions"}],"predecessor-version":[{"id":913,"href":"https:\/\/www.secpf.com.br\/site\/wp-json\/wp\/v2\/posts\/911\/revisions\/913"}],"wp:featuredmedia":[{"embeddable":true,"href":"https:\/\/www.secpf.com.br\/site\/wp-json\/wp\/v2\/media\/912"}],"wp:attachment":[{"href":"https:\/\/www.secpf.com.br\/site\/wp-json\/wp\/v2\/media?parent=911"}],"wp:term":[{"taxonomy":"category","embeddable":true,"href":"https:\/\/www.secpf.com.br\/site\/wp-json\/wp\/v2\/categories?post=911"},{"taxonomy":"post_tag","embeddable":true,"href":"https:\/\/www.secpf.com.br\/site\/wp-json\/wp\/v2\/tags?post=911"}],"curies":[{"name":"wp","href":"https:\/\/api.w.org\/{rel}","templated":true}]}}