{"id":947,"date":"2015-09-03T21:00:19","date_gmt":"2015-09-04T00:00:19","guid":{"rendered":"http:\/\/www.secpf.com.br\/site\/?p=947"},"modified":"2026-04-10T08:41:28","modified_gmt":"2026-04-10T11:41:28","slug":"marcha-nacional-dos-trabalhadores-e-trabalhadoras-2","status":"publish","type":"post","link":"https:\/\/www.secpf.com.br\/site\/marcha-nacional-dos-trabalhadores-e-trabalhadoras-2\/","title":{"rendered":"Marcha Nacional dos Trabalhadores e Trabalhadoras"},"content":{"rendered":"<p>A crise econ\u00f4mica est\u00e1 pegando: \u00e9 demiss\u00e3o correndo solta, aumento dos pre\u00e7os dos alimentos, do transporte, das tarifas de \u00e1gua e energia. O governo cortou o seguro desemprego, o PIS, as pens\u00f5es e aposentadorias. Dilma, os governadores e os patr\u00f5es est\u00e3o jogando a crise nas nossas costas. Cunha e A\u00e9cio dizem que s\u00e3o oposi\u00e7\u00e3o, mas s\u00f3 brigam pelo poder pra fazer a mesma coisa. Por isso \u00e9 hora de ir \u00e0s ruas contra Dilma-PT, Cunha, Renan e Temer-PMDB e A\u00e9cio-PSDB. Vamos defender nossos direitos e construir, nas lutas, uma alternativa dos trabalhadores, da juventude e do povo pobre. Precisamos unificar todas as lutas e construir uma greve geral em nosso pa\u00eds.<\/p>\n<p>&nbsp;<\/p>\n<p><strong>Veja o panfleto com os motivos para sair \u00e0s ruas<\/strong><\/p>\n<p><strong><a href=\"http:\/\/www.secpf.com.br\/site\/wp-content\/uploads\/2015\/09\/030915_marcha_nacional.pdf\" target=\"_blank\">&gt;&gt; Baixar arquivo em PDF<\/a><\/strong><\/p>\n<p>&nbsp;<\/p>\n","protected":false},"excerpt":{"rendered":"<p>A crise econ\u00f4mica est\u00e1 pegando: \u00e9 demiss\u00e3o correndo solta, aumento dos pre\u00e7os dos alimentos, do transporte, das tarifas de \u00e1gua<\/p>\n","protected":false},"author":1,"featured_media":948,"comment_status":"closed","ping_status":"open","sticky":false,"template":"","format":"standard","meta":{"colormag_page_container_layout":"default_layout","colormag_page_sidebar_layout":"default_layout","footnotes":""},"categories":[5],"tags":[157,171,170],"class_list":["post-947","post","type-post","status-publish","format-standard","has-post-thumbnail","hentry","category-noticias","tag-ajuste-fiscal","tag-dilma","tag-marcha"],"_links":{"self":[{"href":"https:\/\/www.secpf.com.br\/site\/wp-json\/wp\/v2\/posts\/947","targetHints":{"allow":["GET"]}}],"collection":[{"href":"https:\/\/www.secpf.com.br\/site\/wp-json\/wp\/v2\/posts"}],"about":[{"href":"https:\/\/www.secpf.com.br\/site\/wp-json\/wp\/v2\/types\/post"}],"author":[{"embeddable":true,"href":"https:\/\/www.secpf.com.br\/site\/wp-json\/wp\/v2\/users\/1"}],"replies":[{"embeddable":true,"href":"https:\/\/www.secpf.com.br\/site\/wp-json\/wp\/v2\/comments?post=947"}],"version-history":[{"count":1,"href":"https:\/\/www.secpf.com.br\/site\/wp-json\/wp\/v2\/posts\/947\/revisions"}],"predecessor-version":[{"id":949,"href":"https:\/\/www.secpf.com.br\/site\/wp-json\/wp\/v2\/posts\/947\/revisions\/949"}],"wp:featuredmedia":[{"embeddable":true,"href":"https:\/\/www.secpf.com.br\/site\/wp-json\/wp\/v2\/media\/948"}],"wp:attachment":[{"href":"https:\/\/www.secpf.com.br\/site\/wp-json\/wp\/v2\/media?parent=947"}],"wp:term":[{"taxonomy":"category","embeddable":true,"href":"https:\/\/www.secpf.com.br\/site\/wp-json\/wp\/v2\/categories?post=947"},{"taxonomy":"post_tag","embeddable":true,"href":"https:\/\/www.secpf.com.br\/site\/wp-json\/wp\/v2\/tags?post=947"}],"curies":[{"name":"wp","href":"https:\/\/api.w.org\/{rel}","templated":true}]}}