{"id":995,"date":"2016-03-08T06:58:04","date_gmt":"2016-03-08T09:58:04","guid":{"rendered":"http:\/\/www.secpf.com.br\/site\/?p=995"},"modified":"2026-04-10T08:41:26","modified_gmt":"2026-04-10T11:41:26","slug":"basta-das-trabalhadoras-pagarem-pela-crise","status":"publish","type":"post","link":"https:\/\/www.secpf.com.br\/site\/basta-das-trabalhadoras-pagarem-pela-crise\/","title":{"rendered":"Basta das trabalhadoras pagarem pela crise!"},"content":{"rendered":"<p>A crise econ\u00f4mica se aprofunda no pa\u00eds e piora as condi\u00e7\u00f5es de vida da classe trabalhadora, em especial das mulheres. Os Governos, desde o Federal com Dilma\/PT-PMDB, Sartori\/PMDB e Luciano Azevedo\/PSB, com os demais partidos dos ricos como PSDB, DEM, PP etc. n\u00e3o cansam de atacar nossos direitos para garantir seus lucros e privil\u00e9gios. Por isso, nesse 08 de Mar\u00e7o, as Mulheres v\u00e3o para as ruas em defesa dos seus direitos, contra a Reforma da Previd\u00eancia, por mais investimento em sa\u00fade, educa\u00e7\u00e3o e seguran\u00e7a, no combate \u00e0 viol\u00eancia contra as mulheres e por creches p\u00fablicas e de qualidade. Basta das trabalhadoras pagarem pela crise!<\/p>\n<p><strong>\u00a0\u00a0\u00a0\u00a0\u00a0\u00a0\u00a0\u00a0 Contra as demiss\u00f5es:<\/strong> A Organiza\u00e7\u00e3o internacional do Trabalho (OIT) aponta que at\u00e9 2017 cerca de 700 mil brasileiros estar\u00e3o desempregados no pa\u00eds. Em 2015 j\u00e1 foram cerca de 1,5 milh\u00e3o de vagas formais perdidas. As mulheres s\u00e3o as primeiras a serem mandadas embora e obrigadas a atuar no setor informal.<\/p>\n<p><strong>Contra a nova proposta de reforma da previd\u00eancia:<\/strong> Que visa igualar a idade m\u00ednima da aposentadoria entre homens e mulheres, desconsiderando a dupla jornada e a nossa localiza\u00e7\u00e3o nos postos de trabalho que mais causam adoecimento, al\u00e9m de propor desvincular o benef\u00edcio do valor de sal\u00e1rio-m\u00ednimo.<\/p>\n<p>&nbsp;<\/p>\n<p><strong><em>Veja algumas mudan\u00e7as propostas pela nova reforma da previd\u00eancia:<\/em><\/strong><\/p>\n<p>&nbsp;<\/p>\n<table>\n<tbody>\n<tr>\n<td width=\"233\"><strong>\u00a0\u00a0\u00a0\u00a0\u00a0\u00a0\u00a0\u00a0\u00a0\u00a0\u00a0\u00a0\u00a0\u00a0\u00a0\u00a0\u00a0\u00a0\u00a0\u00a0\u00a0\u00a0\u00a0\u00a0\u00a0\u00a0\u00a0\u00a0\u00a0\u00a0\u00a0\u00a0\u00a0\u00a0\u00a0\u00a0\u00a0\u00a0\u00a0\u00a0\u00a0\u00a0\u00a0\u00a0\u00a0\u00a0\u00a0\u00a0\u00a0\u00a0\u00a0\u00a0\u00a0\u00a0\u00a0\u00a0\u00a0\u00a0\u00a0\u00a0\u00a0\u00a0\u00a0\u00a0\u00a0\u00a0\u00a0\u00a0\u00a0\u00a0\u00a0\u00a0\u00a0\u00a0\u00a0\u00a0\u00a0\u00a0\u00a0\u00a0\u00a0\u00a0\u00a0\u00a0\u00a0\u00a0\u00a0\u00a0\u00a0\u00a0\u00a0\u00a0\u00a0\u00a0 <\/strong><\/td>\n<td width=\"232\"><strong>Como \u00e9 hoje?<\/strong><\/td>\n<td width=\"233\"><strong>Como o governo quer que seja.<\/strong><\/td>\n<\/tr>\n<tr>\n<td width=\"233\"><strong>Idade m\u00ednima de aposentadoria<\/strong><\/td>\n<td width=\"232\">60 anos para mulheres e 65 para homens<\/td>\n<td width=\"233\">65 para mulheres e homens<\/td>\n<\/tr>\n<tr>\n<td width=\"233\"><strong>Tempo de contribui\u00e7\u00e3o<\/strong><\/td>\n<td width=\"232\">\u00a030 anos para mulheres e 35 para homens<\/td>\n<td width=\"233\">35 para homens e mulheres<\/td>\n<\/tr>\n<tr>\n<td width=\"233\"><strong>Aposentadoria rural <\/strong><\/td>\n<td width=\"232\">N\u00e3o precisa comprovar tempo de contribui\u00e7\u00e3o, apenas tempo de servi\u00e7o.<\/td>\n<td width=\"233\">Dever\u00e1 comprovar tempo de contribui\u00e7\u00e3o, al\u00e9m do tempo de servi\u00e7o.<\/td>\n<\/tr>\n<tr>\n<td width=\"233\"><strong>Valor m\u00ednimo dos benef\u00edcios<\/strong><\/td>\n<td width=\"232\">Vinculado ao sal\u00e1rio-m\u00ednimo, ou seja, n\u00e3o pode ser menor que este.<\/td>\n<td width=\"233\">Desvinculado do sal\u00e1rio-m\u00ednimo, ou seja, permite benef\u00edcios de valor inferior ao m\u00ednimo.<\/td>\n<\/tr>\n<\/tbody>\n<\/table>\n<p><strong>NOSSAS VIDAS IMPORTAM!<\/strong><\/p>\n<p><strong>\u00a0\u00a0\u00a0\u00a0\u00a0\u00a0\u00a0\u00a0 Basta de viol\u00eancia contra as mulheres:<\/strong> Estima-se que uma mulher morra a cada hora e meia. Passo Fundo \u00e9 a segunda cidade do RS com mais registros de viol\u00eancia \u00e0 mulher. O Brasil avan\u00e7ou duas casas no ranking entre 86 pa\u00edses com maior n\u00famero de feminic\u00eddio, foi da s\u00e9tima para a quinta posi\u00e7\u00e3o. Essa viol\u00eancia vitimou principalmente as mulheres negras, representando 17% de crescimento de casos sobre essas mulheres. A cada 11 minutos acontece um caso de estupro em nosso pa\u00eds.<\/p>\n<p><strong>\u00a0\u00a0\u00a0\u00a0\u00a0\u00a0\u00a0\u00a0 Mais investimento na sa\u00fade p\u00fablica para combater a epidemia do Zika v\u00edrus: <\/strong>J\u00e1 s\u00e3o mais de 4 mil casos de microcefalia, enquanto que a principal pol\u00edtica de enfrentamento do problema \u00e9 o Boletim Eletr\u00f4nico n\u00ba01 -2016 Contra Dilma, Temer, Cunha e A\u00e9cio: Basta das trabalhadoras pagarem pela crise! Construir um 08 de Mar\u00e7o classista e de luta! Responsabiliza\u00e7\u00e3o individual da popula\u00e7\u00e3o que deve manter limpa sua casa, contudo, 26% da popula\u00e7\u00e3o brasileira vivem em \u00e1reas de esgoto a c\u00e9u aberto.<\/p>\n<p><strong>\u00a0\u00a0\u00a0\u00a0\u00a0\u00a0\u00a0\u00a0 Pelo direito da mulher decidir:<\/strong> O Minist\u00e9rio da Sa\u00fade diz para as mulheres n\u00e3o engravidarem nesse momento, por\u00e9m o governo segue omisso em rela\u00e7\u00e3o a necessidade de legalizar o aborto no pa\u00eds e permitir que as mulheres decidam sobre o seu corpo e sobre a gravidez. A pr\u00f3pria ONU j\u00e1 apontou essa medida como uma forma de enfrentar a epidemia do zika v\u00edrus.<\/p>\n<p><strong>\u00a0\u00a0\u00a0\u00a0\u00a0\u00a0\u00a0\u00a0 Por condi\u00e7\u00f5es para exercer a maternidade:<\/strong> Para as mulheres que decidirem seguir a gravidez, devem ser garantidas as condi\u00e7\u00f5es de exercer a maternidade. O aux\u00edlio do INSS para crian\u00e7as com microcefalia est\u00e1 dispon\u00edvel apenas para fam\u00edlias que tenham, no m\u00e1ximo, R$220,00 de renda e j\u00e1 h\u00e1 declara\u00e7\u00f5es de pesquisadores que dizem que o sistema educacional n\u00e3o tem nenhuma estrutura para receber todas essas crian\u00e7as com necessidades especiais. Sem contar que as creches j\u00e1 apresentam um d\u00e9ficit gigantesco de vagas para crian\u00e7as entre 0-3 anos.<\/p>\n<p><strong>\u00a0\u00a0\u00a0\u00a0\u00a0\u00a0\u00a0\u00a0 Por creches p\u00fablicas gratuita e de qualidade: <\/strong>Em Passo Fundo existem mais de 5 mil crian\u00e7as de 0 a 3 anos e cerca de mil crian\u00e7as de 4 a 7 anos sem vagas nas creches e escolas de educa\u00e7\u00e3o infantil<strong>. <\/strong>A cria\u00e7\u00e3o de 30 vagas na creche noturna n\u00e3o alterou esta realidade mas a tornou mais evidente. No Brasil cerca de 10 crian\u00e7as em idade de 0 a 3, menos de 2 conseguem vaga. Isso faz com que muitas mulheres tenham que abandonar o trabalho ou deixar os filhos em situa\u00e7\u00e3o de vulnerabilidade. \u00c9 necess\u00e1rio derrotar as medidas de ajuste fiscal do governo e exigir mais investimentos na educa\u00e7\u00e3o p\u00fablica, com a constru\u00e7\u00e3o de creches p\u00fablicas, de qualidade e com funcionamento em tempo integral.<\/p>\n<p><strong>Nesse 8 de Mar\u00e7o, vamos fortalecer nossa luta de g\u00eanero, ra\u00e7a e classe!<\/strong><\/p>\n<p>&nbsp;<\/p>\n<p>&nbsp;<\/p>\n<blockquote>\n<h4><a href=\"http:\/\/www.secpf.com.br\/downloads\/080316_panfleto.pdf\" target=\"_blank\">&gt;&gt; Baixe aqui o panfleto em formato PDF<\/a><\/h4>\n<\/blockquote>\n<p>&nbsp;<\/p>\n<p>&nbsp;<\/p>\n<p>&nbsp;<\/p>\n","protected":false},"excerpt":{"rendered":"<p>A crise econ\u00f4mica se aprofunda no pa\u00eds e piora as condi\u00e7\u00f5es de vida da classe trabalhadora, em especial das mulheres.<\/p>\n","protected":false},"author":1,"featured_media":996,"comment_status":"closed","ping_status":"open","sticky":false,"template":"","format":"standard","meta":{"colormag_page_container_layout":"default_layout","colormag_page_sidebar_layout":"default_layout","footnotes":""},"categories":[5],"tags":[148,22,178],"class_list":["post-995","post","type-post","status-publish","format-standard","has-post-thumbnail","hentry","category-noticias","tag-crise","tag-mulheres","tag-previdencia"],"_links":{"self":[{"href":"https:\/\/www.secpf.com.br\/site\/wp-json\/wp\/v2\/posts\/995","targetHints":{"allow":["GET"]}}],"collection":[{"href":"https:\/\/www.secpf.com.br\/site\/wp-json\/wp\/v2\/posts"}],"about":[{"href":"https:\/\/www.secpf.com.br\/site\/wp-json\/wp\/v2\/types\/post"}],"author":[{"embeddable":true,"href":"https:\/\/www.secpf.com.br\/site\/wp-json\/wp\/v2\/users\/1"}],"replies":[{"embeddable":true,"href":"https:\/\/www.secpf.com.br\/site\/wp-json\/wp\/v2\/comments?post=995"}],"version-history":[{"count":3,"href":"https:\/\/www.secpf.com.br\/site\/wp-json\/wp\/v2\/posts\/995\/revisions"}],"predecessor-version":[{"id":999,"href":"https:\/\/www.secpf.com.br\/site\/wp-json\/wp\/v2\/posts\/995\/revisions\/999"}],"wp:featuredmedia":[{"embeddable":true,"href":"https:\/\/www.secpf.com.br\/site\/wp-json\/wp\/v2\/media\/996"}],"wp:attachment":[{"href":"https:\/\/www.secpf.com.br\/site\/wp-json\/wp\/v2\/media?parent=995"}],"wp:term":[{"taxonomy":"category","embeddable":true,"href":"https:\/\/www.secpf.com.br\/site\/wp-json\/wp\/v2\/categories?post=995"},{"taxonomy":"post_tag","embeddable":true,"href":"https:\/\/www.secpf.com.br\/site\/wp-json\/wp\/v2\/tags?post=995"}],"curies":[{"name":"wp","href":"https:\/\/api.w.org\/{rel}","templated":true}]}}